{"id":75209,"date":"2023-07-19T11:33:12","date_gmt":"2023-07-19T09:33:12","guid":{"rendered":"https:\/\/provansadekor.rs\/?p=75209"},"modified":"2023-07-19T11:46:28","modified_gmt":"2023-07-19T09:46:28","slug":"da-li-su-ovo-srecna-deca","status":"publish","type":"post","link":"https:\/\/provansadekor.rs\/en\/green\/are-these-happy-children\/","title":{"rendered":"ARE THESE HAPPY KIDS?"},"content":{"rendered":"<p>If the children have earned your trust, maybe now is the time to reward them.<\/p>\n<h2>What is it that makes their life carefree and lively?<\/h2>\n<p>There is no better answer. Children&#039;s play has always graced everyone <b>yard<\/b>, every park, every playground. Whenever you took your child to the park, as caring parents, you had the need and responsibility not to let him out of your sight. We are sure that you are parents who want the best for your child, but their nature is inclined to explore.<br \/>\nJumping children, who set their own game rules, will certainly be the safest if they have their own playground.<br \/>\nIf we talk about the absolute protection of the child, this is reassuring for every parent. To begin with, start thinking which part <strong>landscaped yard<\/strong>, you can rearrange and dedicate it to your child. Arrange the yard just to your child&#039;s taste and allow him free play. You will be calm and observe him, from your quiet corner, in <b>landscaped yard<\/b>.<\/p>\n<p><a href=\"https:\/\/provansadekor.rs\/wp-content\/uploads\/2023\/07\/provansa-dekor-green-blog-1024x674-1.jpg\"><img fetchpriority=\"high\" decoding=\"async\" class=\"alignnone wp-image-75242 size-full\" src=\"https:\/\/provansadekor.rs\/wp-content\/uploads\/2023\/07\/provansa-dekor-green-blog-1024x674-1.jpg\" alt=\"\" width=\"1024\" height=\"674\" srcset=\"https:\/\/provansadekor.rs\/wp-content\/uploads\/2023\/07\/provansa-dekor-green-blog-1024x674-1.jpg 1024w, https:\/\/provansadekor.rs\/wp-content\/uploads\/2023\/07\/provansa-dekor-green-blog-1024x674-1-300x197.jpg 300w, https:\/\/provansadekor.rs\/wp-content\/uploads\/2023\/07\/provansa-dekor-green-blog-1024x674-1-768x506.jpg 768w, https:\/\/provansadekor.rs\/wp-content\/uploads\/2023\/07\/provansa-dekor-green-blog-1024x674-1-700x461.jpg 700w\" sizes=\"(max-width: 1024px) 100vw, 1024px\" \/><\/a><\/p>\n<p><a style=\"text-align: var(--text-align); background-color: #ffffff; font-family: Poppins, Helvetica, Arial, sans-serif;\" href=\"https:\/\/provansadekor.rs\/green\/projektovanje-dvorista-i-zelenih-povrsina\/\" target=\"_blank\" rel=\"noopener\">Yard design,<\/a>\u00a0production and assembly, have recently become a new challenge\u00a0<a href=\"https:\/\/provansadekor.rs\/\" target=\"_blank\" rel=\"noopener\">Provence Decor Center<\/a>.<br \/>\nFrom design, projecting, all the way to assembly and final realization. With a quality guarantee, you won&#039;t even feel the decoration of the yard, that is, the corner for your child. In no time, your child will adore his home.<\/p>\n<p>If you do not want to spoil the green surface of your yard, <b>Provence Decor Center<\/b>, advises that if you own <a href=\"https:\/\/provansadekor.rs\/green\/provansa-green-centar-uredjenje-terasa\/\">balcony or terrace<\/a> that you didn&#039;t use, give your child a play corner.<\/p>\n<p><a style=\"text-align: var(--text-align); background-color: #ffffff; font-family: Poppins, Helvetica, Arial, sans-serif;\" href=\"https:\/\/provansadekor.rs\/green\/provansa-green-centar-uredjenje-terasa\/\" target=\"_blank\" rel=\"noopener\">Arrangement of the terrace<\/a>, will be an excellent option, if that space is unused. The child will be close and always &quot;in your eye&quot;.<\/p>\n<p>Suitable materials, beautiful constructions, with which they will be able to practice their first movements and steps, will do<\/p>\n<p>To your proud parents, as if you personally made their oasis of laughter and fun.<\/p>","protected":false},"excerpt":{"rendered":"<p>If the children have earned your trust, maybe now is the time to reward them. What is it that makes their life carefree and energetic? There is no better answer. Children&#039;s play has always adorned every yard, every park, every playground. Whenever you took your child to the park, as caring parents, you had the need and responsibility to [...]<\/p>","protected":false},"author":113,"featured_media":75221,"comment_status":"closed","ping_status":"open","sticky":false,"template":"","format":"standard","meta":{"footnotes":""},"categories":[311],"tags":[],"class_list":["post-75209","post","type-post","status-publish","format-standard","has-post-thumbnail","hentry","category-green"],"yoast_head":"<!-- This site is optimized with the Yoast SEO Premium plugin v20.9 (Yoast SEO v26.5) - https:\/\/yoast.com\/wordpress\/plugins\/seo\/ -->\n<title>DA LI SU OVO SRE\u0106NA DECA? &#8211; Provansa Dekor<\/title>\n<meta name=\"robots\" content=\"index, follow, max-snippet:-1, max-image-preview:large, max-video-preview:-1\" \/>\n<link rel=\"canonical\" href=\"https:\/\/provansadekor.rs\/en\/green\/are-these-happy-children\/\" \/>\n<meta property=\"og:locale\" content=\"en_US\" \/>\n<meta property=\"og:type\" content=\"article\" \/>\n<meta property=\"og:title\" content=\"DA LI SU OVO SRE\u0106NA DECA?\" \/>\n<meta property=\"og:description\" content=\"Ako su deca zadobila Va\u0161e poverenje, mo\u017eda je ba\u0161 sada vreme da ih nagradite. \u0160ta je to \u0161to njihov \u017eivot \u010dini bezbri\u017enim i poletnim? Ne postoji bolji odgovor. De\u010dija igra oduvek je krasila svako dvori\u0161te, svaki park, svaku igraonicu. Kad god ste dete odveli u park, kao bri\u017eni roditelji, imali ste potrebu i odgovornost, da [&hellip;]\" \/>\n<meta property=\"og:url\" content=\"https:\/\/provansadekor.rs\/en\/green\/are-these-happy-children\/\" \/>\n<meta property=\"og:site_name\" content=\"Provansa Dekor\" \/>\n<meta property=\"article:publisher\" content=\"https:\/\/www.facebook.com\/provansadekor\" \/>\n<meta property=\"article:published_time\" content=\"2023-07-19T09:33:12+00:00\" \/>\n<meta property=\"article:modified_time\" content=\"2023-07-19T09:46:28+00:00\" \/>\n<meta property=\"og:image\" content=\"https:\/\/provansadekor.rs\/wp-content\/uploads\/2023\/07\/SRECNA-DECA.jpg\" \/>\n\t<meta property=\"og:image:width\" content=\"1920\" \/>\n\t<meta property=\"og:image:height\" content=\"1280\" \/>\n\t<meta property=\"og:image:type\" content=\"image\/jpeg\" \/>\n<meta name=\"author\" content=\"admin-new\" \/>\n<meta name=\"twitter:card\" content=\"summary_large_image\" \/>\n<meta name=\"twitter:label1\" content=\"Written by\" \/>\n\t<meta name=\"twitter:data1\" content=\"admin-new\" \/>\n\t<meta name=\"twitter:label2\" content=\"Est. reading time\" \/>\n\t<meta name=\"twitter:data2\" content=\"2 minutes\" \/>\n<script type=\"application\/ld+json\" class=\"yoast-schema-graph\">{\"@context\":\"https:\/\/schema.org\",\"@graph\":[{\"@type\":\"Article\",\"@id\":\"https:\/\/provansadekor.rs\/green\/da-li-su-ovo-srecna-deca\/#article\",\"isPartOf\":{\"@id\":\"https:\/\/provansadekor.rs\/green\/da-li-su-ovo-srecna-deca\/\"},\"author\":{\"name\":\"admin-new\",\"@id\":\"https:\/\/provansadekor.rs\/#\/schema\/person\/79fcf27c21e3b68a069f5e4ed35f6ffd\"},\"headline\":\"DA LI SU OVO SRE\u0106NA DECA?\",\"datePublished\":\"2023-07-19T09:33:12+00:00\",\"dateModified\":\"2023-07-19T09:46:28+00:00\",\"mainEntityOfPage\":{\"@id\":\"https:\/\/provansadekor.rs\/green\/da-li-su-ovo-srecna-deca\/\"},\"wordCount\":315,\"publisher\":{\"@id\":\"https:\/\/provansadekor.rs\/#organization\"},\"image\":{\"@id\":\"https:\/\/provansadekor.rs\/green\/da-li-su-ovo-srecna-deca\/#primaryimage\"},\"thumbnailUrl\":\"https:\/\/provansadekor.rs\/wp-content\/uploads\/2023\/07\/SRECNA-DECA.jpg\",\"articleSection\":[\"Green\"],\"inLanguage\":\"en-US\"},{\"@type\":\"WebPage\",\"@id\":\"https:\/\/provansadekor.rs\/green\/da-li-su-ovo-srecna-deca\/\",\"url\":\"https:\/\/provansadekor.rs\/green\/da-li-su-ovo-srecna-deca\/\",\"name\":\"DA LI SU OVO SRE\u0106NA DECA? &#8211; Provansa Dekor\",\"isPartOf\":{\"@id\":\"https:\/\/provansadekor.rs\/#website\"},\"primaryImageOfPage\":{\"@id\":\"https:\/\/provansadekor.rs\/green\/da-li-su-ovo-srecna-deca\/#primaryimage\"},\"image\":{\"@id\":\"https:\/\/provansadekor.rs\/green\/da-li-su-ovo-srecna-deca\/#primaryimage\"},\"thumbnailUrl\":\"https:\/\/provansadekor.rs\/wp-content\/uploads\/2023\/07\/SRECNA-DECA.jpg\",\"datePublished\":\"2023-07-19T09:33:12+00:00\",\"dateModified\":\"2023-07-19T09:46:28+00:00\",\"breadcrumb\":{\"@id\":\"https:\/\/provansadekor.rs\/green\/da-li-su-ovo-srecna-deca\/#breadcrumb\"},\"inLanguage\":\"en-US\",\"potentialAction\":[{\"@type\":\"ReadAction\",\"target\":[\"https:\/\/provansadekor.rs\/green\/da-li-su-ovo-srecna-deca\/\"]}]},{\"@type\":\"ImageObject\",\"inLanguage\":\"en-US\",\"@id\":\"https:\/\/provansadekor.rs\/green\/da-li-su-ovo-srecna-deca\/#primaryimage\",\"url\":\"https:\/\/provansadekor.rs\/wp-content\/uploads\/2023\/07\/SRECNA-DECA.jpg\",\"contentUrl\":\"https:\/\/provansadekor.rs\/wp-content\/uploads\/2023\/07\/SRECNA-DECA.jpg\",\"width\":1920,\"height\":1280},{\"@type\":\"BreadcrumbList\",\"@id\":\"https:\/\/provansadekor.rs\/green\/da-li-su-ovo-srecna-deca\/#breadcrumb\",\"itemListElement\":[{\"@type\":\"ListItem\",\"position\":1,\"name\":\"\u041f\u043e\u0447\u0435\u0442\u043d\u0430\",\"item\":\"https:\/\/provansadekor.rs\/\"},{\"@type\":\"ListItem\",\"position\":2,\"name\":\"DA LI SU OVO SRE\u0106NA DECA?\"}]},{\"@type\":\"WebSite\",\"@id\":\"https:\/\/provansadekor.rs\/#website\",\"url\":\"https:\/\/provansadekor.rs\/\",\"name\":\"Provansa Dekor\",\"description\":\"Dostava cve\u0107a Beograd - Organizacija i Dekoracija doga\u0111aja - Ure\u0111enje zelenih povr\u0161ina\",\"publisher\":{\"@id\":\"https:\/\/provansadekor.rs\/#organization\"},\"potentialAction\":[{\"@type\":\"SearchAction\",\"target\":{\"@type\":\"EntryPoint\",\"urlTemplate\":\"https:\/\/provansadekor.rs\/?s={search_term_string}\"},\"query-input\":{\"@type\":\"PropertyValueSpecification\",\"valueRequired\":true,\"valueName\":\"search_term_string\"}}],\"inLanguage\":\"en-US\"},{\"@type\":\"Organization\",\"@id\":\"https:\/\/provansadekor.rs\/#organization\",\"name\":\"Provansa Dekor Cve\u0107ara Beograd\",\"url\":\"https:\/\/provansadekor.rs\/\",\"logo\":{\"@type\":\"ImageObject\",\"inLanguage\":\"en-US\",\"@id\":\"https:\/\/provansadekor.rs\/#\/schema\/logo\/image\/\",\"url\":\"https:\/\/provansadekor.rs\/wp-content\/uploads\/2022\/03\/logo-provansa.jpg\",\"contentUrl\":\"https:\/\/provansadekor.rs\/wp-content\/uploads\/2022\/03\/logo-provansa.jpg\",\"width\":200,\"height\":200,\"caption\":\"Provansa Dekor Cve\u0107ara Beograd\"},\"image\":{\"@id\":\"https:\/\/provansadekor.rs\/#\/schema\/logo\/image\/\"},\"sameAs\":[\"https:\/\/www.facebook.com\/provansadekor\",\"https:\/\/www.instagram.com\/provansadekor\/\"]},{\"@type\":\"Person\",\"@id\":\"https:\/\/provansadekor.rs\/#\/schema\/person\/79fcf27c21e3b68a069f5e4ed35f6ffd\",\"name\":\"admin-new\",\"image\":{\"@type\":\"ImageObject\",\"inLanguage\":\"en-US\",\"@id\":\"https:\/\/provansadekor.rs\/#\/schema\/person\/image\/\",\"url\":\"https:\/\/secure.gravatar.com\/avatar\/238d9d8c760c39161f43b78279b507926afaf949444eac8a80b3e88a095e6b4c?s=96&d=mm&r=g\",\"contentUrl\":\"https:\/\/secure.gravatar.com\/avatar\/238d9d8c760c39161f43b78279b507926afaf949444eac8a80b3e88a095e6b4c?s=96&d=mm&r=g\",\"caption\":\"admin-new\"},\"url\":\"https:\/\/provansadekor.rs\/en\/author\/admin-new\/\"}]}<\/script>\n<!-- \/ Yoast SEO Premium plugin. -->","yoast_head_json":{"title":"ARE THESE HAPPY KIDS? \u2013 Provence Decor","robots":{"index":"index","follow":"follow","max-snippet":"max-snippet:-1","max-image-preview":"max-image-preview:large","max-video-preview":"max-video-preview:-1"},"canonical":"https:\/\/provansadekor.rs\/en\/green\/are-these-happy-children\/","og_locale":"en_US","og_type":"article","og_title":"DA LI SU OVO SRE\u0106NA DECA?","og_description":"Ako su deca zadobila Va\u0161e poverenje, mo\u017eda je ba\u0161 sada vreme da ih nagradite. \u0160ta je to \u0161to njihov \u017eivot \u010dini bezbri\u017enim i poletnim? Ne postoji bolji odgovor. De\u010dija igra oduvek je krasila svako dvori\u0161te, svaki park, svaku igraonicu. Kad god ste dete odveli u park, kao bri\u017eni roditelji, imali ste potrebu i odgovornost, da [&hellip;]","og_url":"https:\/\/provansadekor.rs\/en\/green\/are-these-happy-children\/","og_site_name":"Provansa Dekor","article_publisher":"https:\/\/www.facebook.com\/provansadekor","article_published_time":"2023-07-19T09:33:12+00:00","article_modified_time":"2023-07-19T09:46:28+00:00","og_image":[{"width":1920,"height":1280,"url":"https:\/\/provansadekor.rs\/wp-content\/uploads\/2023\/07\/SRECNA-DECA.jpg","type":"image\/jpeg"}],"author":"admin-new","twitter_card":"summary_large_image","twitter_misc":{"Written by":"admin-new","Est. reading time":"2 minutes"},"schema":{"@context":"https:\/\/schema.org","@graph":[{"@type":"Article","@id":"https:\/\/provansadekor.rs\/green\/da-li-su-ovo-srecna-deca\/#article","isPartOf":{"@id":"https:\/\/provansadekor.rs\/green\/da-li-su-ovo-srecna-deca\/"},"author":{"name":"admin-new","@id":"https:\/\/provansadekor.rs\/#\/schema\/person\/79fcf27c21e3b68a069f5e4ed35f6ffd"},"headline":"DA LI SU OVO SRE\u0106NA DECA?","datePublished":"2023-07-19T09:33:12+00:00","dateModified":"2023-07-19T09:46:28+00:00","mainEntityOfPage":{"@id":"https:\/\/provansadekor.rs\/green\/da-li-su-ovo-srecna-deca\/"},"wordCount":315,"publisher":{"@id":"https:\/\/provansadekor.rs\/#organization"},"image":{"@id":"https:\/\/provansadekor.rs\/green\/da-li-su-ovo-srecna-deca\/#primaryimage"},"thumbnailUrl":"https:\/\/provansadekor.rs\/wp-content\/uploads\/2023\/07\/SRECNA-DECA.jpg","articleSection":["Green"],"inLanguage":"en-US"},{"@type":"WebPage","@id":"https:\/\/provansadekor.rs\/green\/da-li-su-ovo-srecna-deca\/","url":"https:\/\/provansadekor.rs\/green\/da-li-su-ovo-srecna-deca\/","name":"ARE THESE HAPPY KIDS? \u2013 Provence Decor","isPartOf":{"@id":"https:\/\/provansadekor.rs\/#website"},"primaryImageOfPage":{"@id":"https:\/\/provansadekor.rs\/green\/da-li-su-ovo-srecna-deca\/#primaryimage"},"image":{"@id":"https:\/\/provansadekor.rs\/green\/da-li-su-ovo-srecna-deca\/#primaryimage"},"thumbnailUrl":"https:\/\/provansadekor.rs\/wp-content\/uploads\/2023\/07\/SRECNA-DECA.jpg","datePublished":"2023-07-19T09:33:12+00:00","dateModified":"2023-07-19T09:46:28+00:00","breadcrumb":{"@id":"https:\/\/provansadekor.rs\/green\/da-li-su-ovo-srecna-deca\/#breadcrumb"},"inLanguage":"en-US","potentialAction":[{"@type":"ReadAction","target":["https:\/\/provansadekor.rs\/green\/da-li-su-ovo-srecna-deca\/"]}]},{"@type":"ImageObject","inLanguage":"en-US","@id":"https:\/\/provansadekor.rs\/green\/da-li-su-ovo-srecna-deca\/#primaryimage","url":"https:\/\/provansadekor.rs\/wp-content\/uploads\/2023\/07\/SRECNA-DECA.jpg","contentUrl":"https:\/\/provansadekor.rs\/wp-content\/uploads\/2023\/07\/SRECNA-DECA.jpg","width":1920,"height":1280},{"@type":"BreadcrumbList","@id":"https:\/\/provansadekor.rs\/green\/da-li-su-ovo-srecna-deca\/#breadcrumb","itemListElement":[{"@type":"ListItem","position":1,"name":"\u041f\u043e\u0447\u0435\u0442\u043d\u0430","item":"https:\/\/provansadekor.rs\/"},{"@type":"ListItem","position":2,"name":"DA LI SU OVO SRE\u0106NA DECA?"}]},{"@type":"WebSite","@id":"https:\/\/provansadekor.rs\/#website","url":"https:\/\/provansadekor.rs\/","name":"Provence Decor","description":"Flower delivery Belgrade - Event organization and decoration - Landscaping","publisher":{"@id":"https:\/\/provansadekor.rs\/#organization"},"potentialAction":[{"@type":"SearchAction","target":{"@type":"EntryPoint","urlTemplate":"https:\/\/provansadekor.rs\/?s={search_term_string}"},"query-input":{"@type":"PropertyValueSpecification","valueRequired":true,"valueName":"search_term_string"}}],"inLanguage":"en-US"},{"@type":"Organization","@id":"https:\/\/provansadekor.rs\/#organization","name":"Provence Decor Flower Shop Belgrade","url":"https:\/\/provansadekor.rs\/","logo":{"@type":"ImageObject","inLanguage":"en-US","@id":"https:\/\/provansadekor.rs\/#\/schema\/logo\/image\/","url":"https:\/\/provansadekor.rs\/wp-content\/uploads\/2022\/03\/logo-provansa.jpg","contentUrl":"https:\/\/provansadekor.rs\/wp-content\/uploads\/2022\/03\/logo-provansa.jpg","width":200,"height":200,"caption":"Provansa Dekor Cve\u0107ara Beograd"},"image":{"@id":"https:\/\/provansadekor.rs\/#\/schema\/logo\/image\/"},"sameAs":["https:\/\/www.facebook.com\/provansadekor","https:\/\/www.instagram.com\/provansadekor\/"]},{"@type":"Person","@id":"https:\/\/provansadekor.rs\/#\/schema\/person\/79fcf27c21e3b68a069f5e4ed35f6ffd","name":"admin-new","image":{"@type":"ImageObject","inLanguage":"en-US","@id":"https:\/\/provansadekor.rs\/#\/schema\/person\/image\/","url":"https:\/\/secure.gravatar.com\/avatar\/238d9d8c760c39161f43b78279b507926afaf949444eac8a80b3e88a095e6b4c?s=96&d=mm&r=g","contentUrl":"https:\/\/secure.gravatar.com\/avatar\/238d9d8c760c39161f43b78279b507926afaf949444eac8a80b3e88a095e6b4c?s=96&d=mm&r=g","caption":"admin-new"},"url":"https:\/\/provansadekor.rs\/en\/author\/admin-new\/"}]}},"_links":{"self":[{"href":"https:\/\/provansadekor.rs\/en\/wp-json\/wp\/v2\/posts\/75209","targetHints":{"allow":["GET"]}}],"collection":[{"href":"https:\/\/provansadekor.rs\/en\/wp-json\/wp\/v2\/posts"}],"about":[{"href":"https:\/\/provansadekor.rs\/en\/wp-json\/wp\/v2\/types\/post"}],"author":[{"embeddable":true,"href":"https:\/\/provansadekor.rs\/en\/wp-json\/wp\/v2\/users\/113"}],"replies":[{"embeddable":true,"href":"https:\/\/provansadekor.rs\/en\/wp-json\/wp\/v2\/comments?post=75209"}],"version-history":[{"count":2,"href":"https:\/\/provansadekor.rs\/en\/wp-json\/wp\/v2\/posts\/75209\/revisions"}],"predecessor-version":[{"id":75243,"href":"https:\/\/provansadekor.rs\/en\/wp-json\/wp\/v2\/posts\/75209\/revisions\/75243"}],"wp:featuredmedia":[{"embeddable":true,"href":"https:\/\/provansadekor.rs\/en\/wp-json\/wp\/v2\/media\/75221"}],"wp:attachment":[{"href":"https:\/\/provansadekor.rs\/en\/wp-json\/wp\/v2\/media?parent=75209"}],"wp:term":[{"taxonomy":"category","embeddable":true,"href":"https:\/\/provansadekor.rs\/en\/wp-json\/wp\/v2\/categories?post=75209"},{"taxonomy":"post_tag","embeddable":true,"href":"https:\/\/provansadekor.rs\/en\/wp-json\/wp\/v2\/tags?post=75209"}],"curies":[{"name":"wp","href":"https:\/\/api.w.org\/{rel}","templated":true}]}}