{"id":74208,"date":"2023-07-06T13:24:23","date_gmt":"2023-07-06T11:24:23","guid":{"rendered":"https:\/\/provansadekor.rs\/?p=74208"},"modified":"2023-07-06T13:24:23","modified_gmt":"2023-07-06T11:24:23","slug":"rodjendanske-proslave-sirom-sveta","status":"publish","type":"post","link":"https:\/\/provansadekor.rs\/en\/events\/rodjendani\/birthday-celebrations-around-the-world\/","title":{"rendered":"Birthday celebrations around the world"},"content":{"rendered":"<p>Unavoidable topics among people are <strong>celebrations<\/strong>, whatever the reason. You will often receive an invitation from a friend or acquaintance to join a celebration, but let&#039;s say it is an event that does not fit into your tradition, religion, customs, etc.\u00a0 <strong>Birthdays<\/strong> are unique <strong>an event<\/strong> with almost all peoples in the world, however like everyone else <strong>events<\/strong>, they are also celebrated in different ways across our diverse and wondrous planet. It is <strong>an event<\/strong> which is mostly a decision or a celebration created by an individual, according to his wishes, but as with others<strong> events<\/strong>, some national, geographical or religious characteristics have remained in <strong>celebrations<\/strong> and <strong>organization<\/strong>, even to herself <a href=\"https:\/\/provansadekor.rs\/events\/dekoracija-dogadjaja\/rodjendani-punoletstva\/\"><strong>birthday decoration<\/strong><\/a>.<\/p>\n<p>Maybe we are Fr <strong>celebrations<\/strong> <strong>birthday<\/strong> most familiar with those from the USA, especially through their film production Hollywood (sweet 16, the day of coming of age, which in their country marks the day when you get the opportunity to get a driver&#039;s license, but also the final freedom for an adult, who from that day becomes an adult and responsible person, and usually according to American customs, the person celebrating that day receives large, varied gifts). Let&#039;s remember certain movies when the birthday boy gets the keys to a red convertible...<\/p>\n<p>However, our Planet is much bigger, so we often wonder how they are celebrated in, say, Japan, Morocco, Brazil or in some exotic Caribbean country. Let&#039;s say in Israel, among Jews, only adulthood and his<strong> celebration<\/strong> it starts at the age of 12 or 13...interestingly, it is the girls who start at the age of 12 and that <strong>celebration<\/strong> is known as Bat Mitzvah, and boys from 13 and ta <strong>celebration<\/strong> is called a Bar Mitzvah. Everything is imbued with religious tradition and <strong>celebration<\/strong>, as well as herself <a href=\"https:\/\/provansadekor.rs\/events\/organizacija-rodjendana\/\"><strong>organization of birthdays<\/strong><\/a>, which is prepared for weeks for the purpose of learning to follow the Jewish rules in life, but also celebrates the talent and achievement of the individual. So, while for some, coming of age is considered the beginning of growing up, others are educated in the system upon their arrival and are expected to contribute to it.<\/p>\n<p>It is similar with Latin American countries and peoples, where girls already at the age of 15 swear to their faith and a cheerful party is prepared for them with a lot of food, but mostly dancing. And in our country, the character of those peoples is immediately associated with some playful and romantic dances. Warm climate and warm, romantic landscape and climate. While Latin Americans associate us with cheerful games, on the other side of the Atlantic, but equally warm and with a cheerful mentality and strange but poor Africa, we can find even stranger and more traditional elements <strong>birthday celebration<\/strong>ai <strong>coming of age<\/strong>. Let&#039;s say, Ethiopia leads the way, where coming of age in a man is a sign of sexual maturity and readiness for marriage. And the moment of renouncing childhood and entering that period of life must be marked by jumping over a castrated bull, which represents the exit from childhood.<\/p>\n<p>As you notice, growing up, coming of age, coming out of childhood, all over the world happen at different ages. A holiday for everyone. Well, let&#039;s say if we travel to the far East, to rich and strange Japan, everything happens even later and only at the age of 20, young Japanese become adults and become socially responsible. Again, everything is imbued with tradition, in this case the traditional costume, which a young person wears on their 20th birthday and thus enters the world of adults. And while we are walking around the world, we are slowly returning home.<\/p>\n<p>We maybe on <strong>birthdays<\/strong> we don&#039;t wear traditional costumes like the Japanese, we wear clothes that are part of our needs or the decoration is all a part of the moment and material wealth. We are still in that golden middle age of 18, when we are moving into a more serious period, somehow with the end of high school, but like all over the world, a lot of things are changing, the question is what kind of changes the future will bring us. Maybe we too will get some of our sweet 16, and maybe the tradition will stay deep in us. <strong>Birthday<\/strong> will certainly, whether he is 18 or 70, remain a symbol of change, aspiration or a symbol of love. Our photo albums will be full of our different moments, from growing up to growing old, from first love, to periods of silence in old age. The fascination of life is that beautiful picture of our walk through this strange Planet and life, and<strong> birthdays<\/strong> are the changes of the seasons in us, in our interior and on our exterior.<\/p>","protected":false},"excerpt":{"rendered":"<p>Nezaobilazne teme me\u0111u ljudima su proslave, kakvog god povoda one bile. \u010cesto \u0107ete dobiti pozivnicu od prijatelja ili poznanika da se priklju\u010dite nekoj proslavi, ali da je to recimo doga\u0111aj koji se ne uklapa u va\u0161u tradiciju, veru, obi\u010daje i sli\u010dno.\u00a0 Ro\u0111endani su jedinstven doga\u0111aj kod gotovo svih naroda u Svetu, me\u0111utim kao i svi [&hellip;]<\/p>","protected":false},"author":113,"featured_media":74209,"comment_status":"closed","ping_status":"open","sticky":false,"template":"","format":"standard","meta":{"footnotes":""},"categories":[304],"tags":[],"class_list":["post-74208","post","type-post","status-publish","format-standard","has-post-thumbnail","hentry","category-rodjendani"],"yoast_head":"<!-- This site is optimized with the Yoast SEO Premium plugin v20.9 (Yoast SEO v26.5) - https:\/\/yoast.com\/wordpress\/plugins\/seo\/ -->\n<title>Ro\u0111endanske proslave \u0161irom Sveta &#8211; Provansa Dekor<\/title>\n<meta name=\"robots\" content=\"index, follow, max-snippet:-1, max-image-preview:large, max-video-preview:-1\" \/>\n<link rel=\"canonical\" href=\"https:\/\/provansadekor.rs\/en\/events\/rodjendani\/birthday-celebrations-around-the-world\/\" \/>\n<meta property=\"og:locale\" content=\"en_US\" \/>\n<meta property=\"og:type\" content=\"article\" \/>\n<meta property=\"og:title\" content=\"Ro\u0111endanske proslave \u0161irom Sveta\" \/>\n<meta property=\"og:description\" content=\"Nezaobilazne teme me\u0111u ljudima su proslave, kakvog god povoda one bile. \u010cesto \u0107ete dobiti pozivnicu od prijatelja ili poznanika da se priklju\u010dite nekoj proslavi, ali da je to recimo doga\u0111aj koji se ne uklapa u va\u0161u tradiciju, veru, obi\u010daje i sli\u010dno.\u00a0 Ro\u0111endani su jedinstven doga\u0111aj kod gotovo svih naroda u Svetu, me\u0111utim kao i svi [&hellip;]\" \/>\n<meta property=\"og:url\" content=\"https:\/\/provansadekor.rs\/en\/events\/rodjendani\/birthday-celebrations-around-the-world\/\" \/>\n<meta property=\"og:site_name\" content=\"Provansa Dekor\" \/>\n<meta property=\"article:publisher\" content=\"https:\/\/www.facebook.com\/provansadekor\" \/>\n<meta property=\"article:published_time\" content=\"2023-07-06T11:24:23+00:00\" \/>\n<meta property=\"og:image\" content=\"https:\/\/provansadekor.rs\/wp-content\/uploads\/2023\/07\/Rodjendanske-proslave-sirom-Sveta2.jpg\" \/>\n\t<meta property=\"og:image:width\" content=\"1000\" \/>\n\t<meta property=\"og:image:height\" content=\"664\" \/>\n\t<meta property=\"og:image:type\" content=\"image\/jpeg\" \/>\n<meta name=\"author\" content=\"admin-new\" \/>\n<meta name=\"twitter:card\" content=\"summary_large_image\" \/>\n<meta name=\"twitter:label1\" content=\"Written by\" \/>\n\t<meta name=\"twitter:data1\" content=\"admin-new\" \/>\n\t<meta name=\"twitter:label2\" content=\"Est. reading time\" \/>\n\t<meta name=\"twitter:data2\" content=\"4 minutes\" \/>\n<script type=\"application\/ld+json\" class=\"yoast-schema-graph\">{\"@context\":\"https:\/\/schema.org\",\"@graph\":[{\"@type\":\"Article\",\"@id\":\"https:\/\/provansadekor.rs\/events\/rodjendani\/rodjendanske-proslave-sirom-sveta\/#article\",\"isPartOf\":{\"@id\":\"https:\/\/provansadekor.rs\/events\/rodjendani\/rodjendanske-proslave-sirom-sveta\/\"},\"author\":{\"name\":\"admin-new\",\"@id\":\"https:\/\/provansadekor.rs\/#\/schema\/person\/79fcf27c21e3b68a069f5e4ed35f6ffd\"},\"headline\":\"Ro\u0111endanske proslave \u0161irom Sveta\",\"datePublished\":\"2023-07-06T11:24:23+00:00\",\"mainEntityOfPage\":{\"@id\":\"https:\/\/provansadekor.rs\/events\/rodjendani\/rodjendanske-proslave-sirom-sveta\/\"},\"wordCount\":751,\"publisher\":{\"@id\":\"https:\/\/provansadekor.rs\/#organization\"},\"image\":{\"@id\":\"https:\/\/provansadekor.rs\/events\/rodjendani\/rodjendanske-proslave-sirom-sveta\/#primaryimage\"},\"thumbnailUrl\":\"https:\/\/provansadekor.rs\/wp-content\/uploads\/2023\/07\/Rodjendanske-proslave-sirom-Sveta2.jpg\",\"articleSection\":[\"Rodjendani\"],\"inLanguage\":\"en-US\"},{\"@type\":\"WebPage\",\"@id\":\"https:\/\/provansadekor.rs\/events\/rodjendani\/rodjendanske-proslave-sirom-sveta\/\",\"url\":\"https:\/\/provansadekor.rs\/events\/rodjendani\/rodjendanske-proslave-sirom-sveta\/\",\"name\":\"Ro\u0111endanske proslave \u0161irom Sveta &#8211; Provansa Dekor\",\"isPartOf\":{\"@id\":\"https:\/\/provansadekor.rs\/#website\"},\"primaryImageOfPage\":{\"@id\":\"https:\/\/provansadekor.rs\/events\/rodjendani\/rodjendanske-proslave-sirom-sveta\/#primaryimage\"},\"image\":{\"@id\":\"https:\/\/provansadekor.rs\/events\/rodjendani\/rodjendanske-proslave-sirom-sveta\/#primaryimage\"},\"thumbnailUrl\":\"https:\/\/provansadekor.rs\/wp-content\/uploads\/2023\/07\/Rodjendanske-proslave-sirom-Sveta2.jpg\",\"datePublished\":\"2023-07-06T11:24:23+00:00\",\"breadcrumb\":{\"@id\":\"https:\/\/provansadekor.rs\/events\/rodjendani\/rodjendanske-proslave-sirom-sveta\/#breadcrumb\"},\"inLanguage\":\"en-US\",\"potentialAction\":[{\"@type\":\"ReadAction\",\"target\":[\"https:\/\/provansadekor.rs\/events\/rodjendani\/rodjendanske-proslave-sirom-sveta\/\"]}]},{\"@type\":\"ImageObject\",\"inLanguage\":\"en-US\",\"@id\":\"https:\/\/provansadekor.rs\/events\/rodjendani\/rodjendanske-proslave-sirom-sveta\/#primaryimage\",\"url\":\"https:\/\/provansadekor.rs\/wp-content\/uploads\/2023\/07\/Rodjendanske-proslave-sirom-Sveta2.jpg\",\"contentUrl\":\"https:\/\/provansadekor.rs\/wp-content\/uploads\/2023\/07\/Rodjendanske-proslave-sirom-Sveta2.jpg\",\"width\":1000,\"height\":664},{\"@type\":\"BreadcrumbList\",\"@id\":\"https:\/\/provansadekor.rs\/events\/rodjendani\/rodjendanske-proslave-sirom-sveta\/#breadcrumb\",\"itemListElement\":[{\"@type\":\"ListItem\",\"position\":1,\"name\":\"\u041f\u043e\u0447\u0435\u0442\u043d\u0430\",\"item\":\"https:\/\/provansadekor.rs\/\"},{\"@type\":\"ListItem\",\"position\":2,\"name\":\"Ro\u0111endanske proslave \u0161irom Sveta\"}]},{\"@type\":\"WebSite\",\"@id\":\"https:\/\/provansadekor.rs\/#website\",\"url\":\"https:\/\/provansadekor.rs\/\",\"name\":\"Provansa Dekor\",\"description\":\"Dostava cve\u0107a Beograd - Organizacija i Dekoracija doga\u0111aja - Ure\u0111enje zelenih povr\u0161ina\",\"publisher\":{\"@id\":\"https:\/\/provansadekor.rs\/#organization\"},\"potentialAction\":[{\"@type\":\"SearchAction\",\"target\":{\"@type\":\"EntryPoint\",\"urlTemplate\":\"https:\/\/provansadekor.rs\/?s={search_term_string}\"},\"query-input\":{\"@type\":\"PropertyValueSpecification\",\"valueRequired\":true,\"valueName\":\"search_term_string\"}}],\"inLanguage\":\"en-US\"},{\"@type\":\"Organization\",\"@id\":\"https:\/\/provansadekor.rs\/#organization\",\"name\":\"Provansa Dekor Cve\u0107ara Beograd\",\"url\":\"https:\/\/provansadekor.rs\/\",\"logo\":{\"@type\":\"ImageObject\",\"inLanguage\":\"en-US\",\"@id\":\"https:\/\/provansadekor.rs\/#\/schema\/logo\/image\/\",\"url\":\"https:\/\/provansadekor.rs\/wp-content\/uploads\/2022\/03\/logo-provansa.jpg\",\"contentUrl\":\"https:\/\/provansadekor.rs\/wp-content\/uploads\/2022\/03\/logo-provansa.jpg\",\"width\":200,\"height\":200,\"caption\":\"Provansa Dekor Cve\u0107ara Beograd\"},\"image\":{\"@id\":\"https:\/\/provansadekor.rs\/#\/schema\/logo\/image\/\"},\"sameAs\":[\"https:\/\/www.facebook.com\/provansadekor\",\"https:\/\/www.instagram.com\/provansadekor\/\"]},{\"@type\":\"Person\",\"@id\":\"https:\/\/provansadekor.rs\/#\/schema\/person\/79fcf27c21e3b68a069f5e4ed35f6ffd\",\"name\":\"admin-new\",\"image\":{\"@type\":\"ImageObject\",\"inLanguage\":\"en-US\",\"@id\":\"https:\/\/provansadekor.rs\/#\/schema\/person\/image\/\",\"url\":\"https:\/\/secure.gravatar.com\/avatar\/238d9d8c760c39161f43b78279b507926afaf949444eac8a80b3e88a095e6b4c?s=96&d=mm&r=g\",\"contentUrl\":\"https:\/\/secure.gravatar.com\/avatar\/238d9d8c760c39161f43b78279b507926afaf949444eac8a80b3e88a095e6b4c?s=96&d=mm&r=g\",\"caption\":\"admin-new\"},\"url\":\"https:\/\/provansadekor.rs\/en\/author\/admin-new\/\"}]}<\/script>\n<!-- \/ Yoast SEO Premium plugin. -->","yoast_head_json":{"title":"Birthday celebrations around the world - Provence Decor","robots":{"index":"index","follow":"follow","max-snippet":"max-snippet:-1","max-image-preview":"max-image-preview:large","max-video-preview":"max-video-preview:-1"},"canonical":"https:\/\/provansadekor.rs\/en\/events\/rodjendani\/birthday-celebrations-around-the-world\/","og_locale":"en_US","og_type":"article","og_title":"Ro\u0111endanske proslave \u0161irom Sveta","og_description":"Nezaobilazne teme me\u0111u ljudima su proslave, kakvog god povoda one bile. \u010cesto \u0107ete dobiti pozivnicu od prijatelja ili poznanika da se priklju\u010dite nekoj proslavi, ali da je to recimo doga\u0111aj koji se ne uklapa u va\u0161u tradiciju, veru, obi\u010daje i sli\u010dno.\u00a0 Ro\u0111endani su jedinstven doga\u0111aj kod gotovo svih naroda u Svetu, me\u0111utim kao i svi [&hellip;]","og_url":"https:\/\/provansadekor.rs\/en\/events\/rodjendani\/birthday-celebrations-around-the-world\/","og_site_name":"Provansa Dekor","article_publisher":"https:\/\/www.facebook.com\/provansadekor","article_published_time":"2023-07-06T11:24:23+00:00","og_image":[{"width":1000,"height":664,"url":"https:\/\/provansadekor.rs\/wp-content\/uploads\/2023\/07\/Rodjendanske-proslave-sirom-Sveta2.jpg","type":"image\/jpeg"}],"author":"admin-new","twitter_card":"summary_large_image","twitter_misc":{"Written by":"admin-new","Est. reading time":"4 minutes"},"schema":{"@context":"https:\/\/schema.org","@graph":[{"@type":"Article","@id":"https:\/\/provansadekor.rs\/events\/rodjendani\/rodjendanske-proslave-sirom-sveta\/#article","isPartOf":{"@id":"https:\/\/provansadekor.rs\/events\/rodjendani\/rodjendanske-proslave-sirom-sveta\/"},"author":{"name":"admin-new","@id":"https:\/\/provansadekor.rs\/#\/schema\/person\/79fcf27c21e3b68a069f5e4ed35f6ffd"},"headline":"Ro\u0111endanske proslave \u0161irom Sveta","datePublished":"2023-07-06T11:24:23+00:00","mainEntityOfPage":{"@id":"https:\/\/provansadekor.rs\/events\/rodjendani\/rodjendanske-proslave-sirom-sveta\/"},"wordCount":751,"publisher":{"@id":"https:\/\/provansadekor.rs\/#organization"},"image":{"@id":"https:\/\/provansadekor.rs\/events\/rodjendani\/rodjendanske-proslave-sirom-sveta\/#primaryimage"},"thumbnailUrl":"https:\/\/provansadekor.rs\/wp-content\/uploads\/2023\/07\/Rodjendanske-proslave-sirom-Sveta2.jpg","articleSection":["Rodjendani"],"inLanguage":"en-US"},{"@type":"WebPage","@id":"https:\/\/provansadekor.rs\/events\/rodjendani\/rodjendanske-proslave-sirom-sveta\/","url":"https:\/\/provansadekor.rs\/events\/rodjendani\/rodjendanske-proslave-sirom-sveta\/","name":"Birthday celebrations around the world - Provence Decor","isPartOf":{"@id":"https:\/\/provansadekor.rs\/#website"},"primaryImageOfPage":{"@id":"https:\/\/provansadekor.rs\/events\/rodjendani\/rodjendanske-proslave-sirom-sveta\/#primaryimage"},"image":{"@id":"https:\/\/provansadekor.rs\/events\/rodjendani\/rodjendanske-proslave-sirom-sveta\/#primaryimage"},"thumbnailUrl":"https:\/\/provansadekor.rs\/wp-content\/uploads\/2023\/07\/Rodjendanske-proslave-sirom-Sveta2.jpg","datePublished":"2023-07-06T11:24:23+00:00","breadcrumb":{"@id":"https:\/\/provansadekor.rs\/events\/rodjendani\/rodjendanske-proslave-sirom-sveta\/#breadcrumb"},"inLanguage":"en-US","potentialAction":[{"@type":"ReadAction","target":["https:\/\/provansadekor.rs\/events\/rodjendani\/rodjendanske-proslave-sirom-sveta\/"]}]},{"@type":"ImageObject","inLanguage":"en-US","@id":"https:\/\/provansadekor.rs\/events\/rodjendani\/rodjendanske-proslave-sirom-sveta\/#primaryimage","url":"https:\/\/provansadekor.rs\/wp-content\/uploads\/2023\/07\/Rodjendanske-proslave-sirom-Sveta2.jpg","contentUrl":"https:\/\/provansadekor.rs\/wp-content\/uploads\/2023\/07\/Rodjendanske-proslave-sirom-Sveta2.jpg","width":1000,"height":664},{"@type":"BreadcrumbList","@id":"https:\/\/provansadekor.rs\/events\/rodjendani\/rodjendanske-proslave-sirom-sveta\/#breadcrumb","itemListElement":[{"@type":"ListItem","position":1,"name":"\u041f\u043e\u0447\u0435\u0442\u043d\u0430","item":"https:\/\/provansadekor.rs\/"},{"@type":"ListItem","position":2,"name":"Ro\u0111endanske proslave \u0161irom Sveta"}]},{"@type":"WebSite","@id":"https:\/\/provansadekor.rs\/#website","url":"https:\/\/provansadekor.rs\/","name":"Provence Decor","description":"Flower delivery Belgrade - Event organization and decoration - Landscaping","publisher":{"@id":"https:\/\/provansadekor.rs\/#organization"},"potentialAction":[{"@type":"SearchAction","target":{"@type":"EntryPoint","urlTemplate":"https:\/\/provansadekor.rs\/?s={search_term_string}"},"query-input":{"@type":"PropertyValueSpecification","valueRequired":true,"valueName":"search_term_string"}}],"inLanguage":"en-US"},{"@type":"Organization","@id":"https:\/\/provansadekor.rs\/#organization","name":"Provence Decor Flower Shop Belgrade","url":"https:\/\/provansadekor.rs\/","logo":{"@type":"ImageObject","inLanguage":"en-US","@id":"https:\/\/provansadekor.rs\/#\/schema\/logo\/image\/","url":"https:\/\/provansadekor.rs\/wp-content\/uploads\/2022\/03\/logo-provansa.jpg","contentUrl":"https:\/\/provansadekor.rs\/wp-content\/uploads\/2022\/03\/logo-provansa.jpg","width":200,"height":200,"caption":"Provansa Dekor Cve\u0107ara Beograd"},"image":{"@id":"https:\/\/provansadekor.rs\/#\/schema\/logo\/image\/"},"sameAs":["https:\/\/www.facebook.com\/provansadekor","https:\/\/www.instagram.com\/provansadekor\/"]},{"@type":"Person","@id":"https:\/\/provansadekor.rs\/#\/schema\/person\/79fcf27c21e3b68a069f5e4ed35f6ffd","name":"admin-new","image":{"@type":"ImageObject","inLanguage":"en-US","@id":"https:\/\/provansadekor.rs\/#\/schema\/person\/image\/","url":"https:\/\/secure.gravatar.com\/avatar\/238d9d8c760c39161f43b78279b507926afaf949444eac8a80b3e88a095e6b4c?s=96&d=mm&r=g","contentUrl":"https:\/\/secure.gravatar.com\/avatar\/238d9d8c760c39161f43b78279b507926afaf949444eac8a80b3e88a095e6b4c?s=96&d=mm&r=g","caption":"admin-new"},"url":"https:\/\/provansadekor.rs\/en\/author\/admin-new\/"}]}},"_links":{"self":[{"href":"https:\/\/provansadekor.rs\/en\/wp-json\/wp\/v2\/posts\/74208","targetHints":{"allow":["GET"]}}],"collection":[{"href":"https:\/\/provansadekor.rs\/en\/wp-json\/wp\/v2\/posts"}],"about":[{"href":"https:\/\/provansadekor.rs\/en\/wp-json\/wp\/v2\/types\/post"}],"author":[{"embeddable":true,"href":"https:\/\/provansadekor.rs\/en\/wp-json\/wp\/v2\/users\/113"}],"replies":[{"embeddable":true,"href":"https:\/\/provansadekor.rs\/en\/wp-json\/wp\/v2\/comments?post=74208"}],"version-history":[{"count":1,"href":"https:\/\/provansadekor.rs\/en\/wp-json\/wp\/v2\/posts\/74208\/revisions"}],"predecessor-version":[{"id":74210,"href":"https:\/\/provansadekor.rs\/en\/wp-json\/wp\/v2\/posts\/74208\/revisions\/74210"}],"wp:featuredmedia":[{"embeddable":true,"href":"https:\/\/provansadekor.rs\/en\/wp-json\/wp\/v2\/media\/74209"}],"wp:attachment":[{"href":"https:\/\/provansadekor.rs\/en\/wp-json\/wp\/v2\/media?parent=74208"}],"wp:term":[{"taxonomy":"category","embeddable":true,"href":"https:\/\/provansadekor.rs\/en\/wp-json\/wp\/v2\/categories?post=74208"},{"taxonomy":"post_tag","embeddable":true,"href":"https:\/\/provansadekor.rs\/en\/wp-json\/wp\/v2\/tags?post=74208"}],"curies":[{"name":"wp","href":"https:\/\/api.w.org\/{rel}","templated":true}]}}